{"id":2608,"date":"2024-08-07T14:12:52","date_gmt":"2024-08-07T12:12:52","guid":{"rendered":"https:\/\/bonif.org?p=2608"},"modified":"2024-08-07T15:01:48","modified_gmt":"2024-08-07T13:01:48","slug":"wir-brauchen-einen-pragmatischen-umweltschutz","status":"publish","type":"post","link":"https:\/\/bonif.org\/?p=2608","title":{"rendered":"Wir brauchen einen pragmatischen Umweltschutz"},"content":{"rendered":"<p style=\"text-align: justify;\">K\u00fcrzlich fand in Rom die j\u00e4hrliche Hauptversammlung der Bonifizierungskonsortien statt<br \/>\nZahlreiche hochkar\u00e4tige G\u00e4ste, u.a. Au\u00dfenminister Tajani, Infrastrukturminister Salvini, Umweltminister Pichetto Fratin, die Gener\u00e4le Francesco Paolo Figliolo (jetzt au\u00dferordentlicher Regierungs-Kommiss\u00e4r f\u00fcr den Aufbau der von der \u00dcberschwemmung betroffenen Gebiete in der Emilia Romagna, Toskana und den Marken) und Nazario Palmieri, Kommandant der Carabinieri \u201eforestali\u201c haben an den Diskussionsrunden teilgenommen.<br \/>\nDer Pr\u00e4sident des Bonifizierungskonsortium \u201eGmund-Salurn\u201c mit Sitz in Neumarkt, Paul Nicolodi, und der Pr\u00e4sident des Bonifizierungskonsortiums \u201eTrentino\u201c Luigi Stefani haben dabei die Mitgliedskonsortien der Region Trentino S\u00fcdtirol bei der Veranstaltung vertreten.<br \/>\n\u00dcberaus interessant, betont Nicolodi, war der Beitrag von Universit\u00e4tsprofessor Andrea Rinaldo, Gewinner des \u201eStockholm Water Prize 2023\u201c und Dozent f\u00fcr Wasserbau an den Universit\u00e4ten Padua und Lousanne, der \u00fcber die absolute Notwendigkeit gesprochen hat, dass es aufgrund des aktuellen Klimawandels und der damit verbundenen Wetterextreme, zahlreiche neuen Wasserspeicher f\u00fcr die nahe Zukunft braucht. Italien speichert zurzeit nur ca. 11% des Regenwassers und das ist einfach viel zu wenig, betonte dieser. Auf der anderen Seite helfen solche Mehrzweckspeicher auch Regenwasser zur\u00fcckzuhalten, wenn es extreme Wetterverh\u00e4ltnisse mit \u00fcberm\u00e4\u00dfigen Niederschl\u00e4gen gibt, die im heurigen Jahr bedeutend zugenommen haben.<br \/>\nDer Au\u00dfenminister hat in seiner Rede betont, dass wir einen pragmatischen Umweltschutz brauchen, der das \u00d6kosystem sch\u00fctzt, ohne die Arbeit und die Pr\u00e4senz des Menschen zu zerst\u00f6ren.<br \/>\nNicolodi unterstreicht dabei, dass dies auch f\u00fcr S\u00fcdtirol gilt. Das letzte, relativ trockene Jahr und die heurigen \u00fcberm\u00e4\u00dfigen Niederschl\u00e4ge haben gezeigt, wie wichtig der Bau und Ausbau von Speicher- und R\u00fcckhaltebecken ist und diese umgekehrt dann auch f\u00fcr die Wasserspeicherung in Trockenzeiten \u2013 auch zum Brandschutz &#8211; verwendet werden k\u00f6nnen.<br \/>\nDas heurige sehr regenreiche Jahr hat au\u00dferdem gezeigt, wie wichtig das weit verzweigte Grabennetz in der Etschtalsohle und deren st\u00e4ndige Instandhaltung vonseiten der Bonifizierungskonsortien ist. Dabei muss auf der anderen Seite aber auch die zunehmende Bodenversiegelung unbedingt eingeschr\u00e4nkt werden, um die Gr\u00e4ben nicht noch mehr zu belasten, bemerkt Paul Nicolodi.<br \/>\nAm Rande der Veranstaltung haben die beiden Pr\u00e4sidenten Nicolodi und Stefani den Vizeministerpr\u00e4sident und Au\u00dfenminister Tajani getroffen.<\/p>\n<p style=\"text-align: justify;\"><a href=\"https:\/\/bonif.org\/wp-content\/uploads\/2024\/08\/IMG-20240703-WA0001-foto-Tajani-16_91.jpg\"><img loading=\"lazy\" decoding=\"async\" class=\"alignnone size-large wp-image-2649\" src=\"https:\/\/bonif.org\/wp-content\/uploads\/2024\/08\/IMG-20240703-WA0001-foto-Tajani-16_91-1024x576.jpg\" alt=\"IMG-20240703-WA0001 foto Tajani 16_9\" width=\"474\" height=\"267\" srcset=\"https:\/\/bonif.org\/wp-content\/uploads\/2024\/08\/IMG-20240703-WA0001-foto-Tajani-16_91-1024x576.jpg 1024w, https:\/\/bonif.org\/wp-content\/uploads\/2024\/08\/IMG-20240703-WA0001-foto-Tajani-16_91-300x169.jpg 300w, https:\/\/bonif.org\/wp-content\/uploads\/2024\/08\/IMG-20240703-WA0001-foto-Tajani-16_91.jpg 1477w\" sizes=\"auto, (max-width: 474px) 100vw, 474px\" \/><\/a><\/p>\n<p style=\"text-align: justify;\">Im Bild (v.l.) Tajani, Stefani, Nicolodi<br \/>\nJuli 2024<\/p>\n","protected":false},"excerpt":{"rendered":"<p>K\u00fcrzlich fand in Rom die j\u00e4hrliche Hauptversammlung der Bonifizierungskonsortien statt Zahlreiche hochkar\u00e4tige G\u00e4ste, u.a. Au\u00dfenminister Tajani, Infrastrukturminister Salvini, Umweltminister Pichetto Fratin, die Gener\u00e4le Francesco Paolo Figliolo (jetzt au\u00dferordentlicher Regierungs-Kommiss\u00e4r f\u00fcr den Aufbau der von der \u00dcberschwemmung betroffenen Gebiete in der Emilia Romagna, Toskana und den Marken) und Nazario Palmieri, Kommandant der Carabinieri \u201eforestali\u201c haben an &hellip; <a href=\"https:\/\/bonif.org\/?p=2608\" class=\"more-link\"><span class=\"screen-reader-text\">Wir brauchen einen pragmatischen Umweltschutz<\/span> weiterlesen <span class=\"meta-nav\">&rarr;<\/span><\/a><\/p>\n","protected":false},"author":3,"featured_media":2649,"comment_status":"open","ping_status":"open","sticky":false,"template":"","format":"standard","meta":{"_acf_changed":false,"_jetpack_memberships_contains_paid_content":false,"footnotes":""},"categories":[59],"tags":[],"class_list":["post-2608","post","type-post","status-publish","format-standard","has-post-thumbnail","hentry","category-neuigkeiten"],"acf":[],"jetpack_featured_media_url":"https:\/\/bonif.org\/wp-content\/uploads\/2024\/08\/IMG-20240703-WA0001-foto-Tajani-16_91.jpg","jetpack_sharing_enabled":true,"_links":{"self":[{"href":"https:\/\/bonif.org\/index.php?rest_route=\/wp\/v2\/posts\/2608","targetHints":{"allow":["GET"]}}],"collection":[{"href":"https:\/\/bonif.org\/index.php?rest_route=\/wp\/v2\/posts"}],"about":[{"href":"https:\/\/bonif.org\/index.php?rest_route=\/wp\/v2\/types\/post"}],"author":[{"embeddable":true,"href":"https:\/\/bonif.org\/index.php?rest_route=\/wp\/v2\/users\/3"}],"replies":[{"embeddable":true,"href":"https:\/\/bonif.org\/index.php?rest_route=%2Fwp%2Fv2%2Fcomments&post=2608"}],"version-history":[{"count":7,"href":"https:\/\/bonif.org\/index.php?rest_route=\/wp\/v2\/posts\/2608\/revisions"}],"predecessor-version":[{"id":2655,"href":"https:\/\/bonif.org\/index.php?rest_route=\/wp\/v2\/posts\/2608\/revisions\/2655"}],"wp:featuredmedia":[{"embeddable":true,"href":"https:\/\/bonif.org\/index.php?rest_route=\/wp\/v2\/media\/2649"}],"wp:attachment":[{"href":"https:\/\/bonif.org\/index.php?rest_route=%2Fwp%2Fv2%2Fmedia&parent=2608"}],"wp:term":[{"taxonomy":"category","embeddable":true,"href":"https:\/\/bonif.org\/index.php?rest_route=%2Fwp%2Fv2%2Fcategories&post=2608"},{"taxonomy":"post_tag","embeddable":true,"href":"https:\/\/bonif.org\/index.php?rest_route=%2Fwp%2Fv2%2Ftags&post=2608"}],"curies":[{"name":"wp","href":"https:\/\/api.w.org\/{rel}","templated":true}]}}